{"id":32,"date":"2017-09-27T13:04:58","date_gmt":"2017-09-27T13:04:58","guid":{"rendered":"http:\/\/www.turnonliterature.eu\/ro\/?p=32"},"modified":"2017-09-27T13:04:58","modified_gmt":"2017-09-27T13:04:58","slug":"the-romanian-book-27-09-17-150409-to-150456","status":"publish","type":"post","link":"https:\/\/www.turnonliterature.eu\/ro\/2017\/09\/27\/the-romanian-book-27-09-17-150409-to-150456\/","title":{"rendered":"The Romanian Book 27.09.17 15:04:09 to 15:04:56"},"content":{"rendered":"<p>te g\u00e2nde\u015fti la unul dintre mor\u0163ii t\u0103i cei mai dragi, mortul se cade s\u0103 aib\u0103 o via\u0163\u0103 personal\u0103 na\u015fpa se cade pe spate, \u015fi tot pe spate se st\u0103 pe c\u00e2mp, \u00eentr-adev\u0103r, sunt absent din toate amintirile mele cu mine iat\u0103 lumea \u2013 o tart\u0103 cu heruvimi \u0219i serafi pe post de fructe a fi tu e ocn\u0103 cu inimioara bocn\u0103 un mort nevisat de nimeni \u015fi sufl\u0103 peste el, c\u00e2nd am ajuns aici, c\u0103deam lini\u015ftit.<\/p>\n","protected":false},"excerpt":{"rendered":"<p>te g\u00e2nde\u015fti la unul dintre mor\u0163ii t\u0103i cei mai dragi, mortul se cade s\u0103 aib\u0103 o via\u0163\u0103 personal\u0103 na\u015fpa se cade pe spate, \u015fi tot pe spate se st\u0103 pe c\u00e2mp, \u00eentr-adev\u0103r, sunt absent din toate amintirile mele cu mine iat\u0103 lumea \u2013 o tart\u0103 cu heruvimi \u0219i serafi pe post de fructe a fi &hellip; <a href=\"https:\/\/www.turnonliterature.eu\/ro\/2017\/09\/27\/the-romanian-book-27-09-17-150409-to-150456\/\" class=\"more-link\">Continu\u0103 s\u0103 cite\u0219ti <span class=\"screen-reader-text\">The Romanian Book 27.09.17 15:04:09 to 15:04:56<\/span><\/a><\/p>\n","protected":false},"author":1,"featured_media":0,"comment_status":"closed","ping_status":"open","sticky":false,"template":"","format":"standard","meta":{"footnotes":""},"categories":[1],"tags":[],"_links":{"self":[{"href":"https:\/\/www.turnonliterature.eu\/ro\/wp-json\/wp\/v2\/posts\/32"}],"collection":[{"href":"https:\/\/www.turnonliterature.eu\/ro\/wp-json\/wp\/v2\/posts"}],"about":[{"href":"https:\/\/www.turnonliterature.eu\/ro\/wp-json\/wp\/v2\/types\/post"}],"author":[{"embeddable":true,"href":"https:\/\/www.turnonliterature.eu\/ro\/wp-json\/wp\/v2\/users\/1"}],"replies":[{"embeddable":true,"href":"https:\/\/www.turnonliterature.eu\/ro\/wp-json\/wp\/v2\/comments?post=32"}],"version-history":[{"count":1,"href":"https:\/\/www.turnonliterature.eu\/ro\/wp-json\/wp\/v2\/posts\/32\/revisions"}],"predecessor-version":[{"id":33,"href":"https:\/\/www.turnonliterature.eu\/ro\/wp-json\/wp\/v2\/posts\/32\/revisions\/33"}],"wp:attachment":[{"href":"https:\/\/www.turnonliterature.eu\/ro\/wp-json\/wp\/v2\/media?parent=32"}],"wp:term":[{"taxonomy":"category","embeddable":true,"href":"https:\/\/www.turnonliterature.eu\/ro\/wp-json\/wp\/v2\/categories?post=32"},{"taxonomy":"post_tag","embeddable":true,"href":"https:\/\/www.turnonliterature.eu\/ro\/wp-json\/wp\/v2\/tags?post=32"}],"curies":[{"name":"wp","href":"https:\/\/api.w.org\/{rel}","templated":true}]}}